{"id":10574,"date":"2026-03-13T11:08:34","date_gmt":"2026-03-13T11:08:34","guid":{"rendered":"https:\/\/sadg.fr\/?p=10574"},"modified":"2026-03-16T11:10:10","modified_gmt":"2026-03-16T11:10:10","slug":"concert-seminaristes-et-pretres","status":"publish","type":"post","link":"https:\/\/sadg.fr\/?p=10574","title":{"rendered":"Concert s\u00e9minaristes et pr\u00eatres"},"content":{"rendered":"\n\n\n<p>Les s\u00e9minaristes et les pr\u00eatres du dioc\u00e8se de Nantes chantent ensemble en l&rsquo;honneur de la Vierge Marie<\/p>\n\n\n\n<p><strong>mercredi 8 avril \u00e0 20h30  Eglise ND de Bon Port \u00e0 Nantes <\/strong><\/p>\n\n\n\n<p><\/p>\n\n\n\n<p>le but \u00e9tant de vivre un moment fraternel et de financer leur camp vocationnel de la fin de l&rsquo;\u00e9t\u00e9 (camp Saint Rogatien).<\/p>\n\n\n\n<p>Mgr Percerou sera pr\u00e9sent et pr\u00e9sidera la pri\u00e8re des complies, \u00e0 la fin du concert.<\/p>\n\n\n\n<figure class=\"wp-block-image size-large\"><a href=\"https:\/\/sadg.fr\/wp-content\/uploads\/2026\/03\/2026-04-08-Concert-seminaristes-et-pretres.jpg\"><img loading=\"lazy\" decoding=\"async\" width=\"724\" height=\"1024\" src=\"https:\/\/sadg.fr\/wp-content\/uploads\/2026\/03\/2026-04-08-Concert-seminaristes-et-pretres-724x1024.jpg\" alt=\"\" class=\"wp-image-10575\" srcset=\"https:\/\/sadg.fr\/wp-content\/uploads\/2026\/03\/2026-04-08-Concert-seminaristes-et-pretres-724x1024.jpg 724w, https:\/\/sadg.fr\/wp-content\/uploads\/2026\/03\/2026-04-08-Concert-seminaristes-et-pretres-212x300.jpg 212w, https:\/\/sadg.fr\/wp-content\/uploads\/2026\/03\/2026-04-08-Concert-seminaristes-et-pretres-768x1086.jpg 768w, https:\/\/sadg.fr\/wp-content\/uploads\/2026\/03\/2026-04-08-Concert-seminaristes-et-pretres-1086x1536.jpg 1086w, https:\/\/sadg.fr\/wp-content\/uploads\/2026\/03\/2026-04-08-Concert-seminaristes-et-pretres.jpg 1131w\" sizes=\"auto, (max-width: 724px) 100vw, 724px\" \/><\/a><\/figure>\n","protected":false},"excerpt":{"rendered":"<p>Les s\u00e9minaristes et les pr\u00eatres du dioc\u00e8se de Nantes chantent ensemble en l&rsquo;honneur de la Vierge Marie mercredi 8 avril \u00e0 20h30 Eglise ND de Bon Port \u00e0 Nantes le but \u00e9tant de vivre un moment fraternel et de financer leur camp vocationnel de la fin de l&rsquo;\u00e9t\u00e9 (camp Saint Rogatien). Mgr Percerou sera pr\u00e9sent [&hellip;]<\/p>\n","protected":false},"author":11,"featured_media":10576,"comment_status":"closed","ping_status":"closed","sticky":false,"template":"","format":"standard","meta":{"footnotes":""},"categories":[50],"tags":[],"class_list":["post-10574","post","type-post","status-publish","format-standard","has-post-thumbnail","hentry","category-actus-de-la-paroisse"],"_links":{"self":[{"href":"https:\/\/sadg.fr\/index.php?rest_route=\/wp\/v2\/posts\/10574","targetHints":{"allow":["GET"]}}],"collection":[{"href":"https:\/\/sadg.fr\/index.php?rest_route=\/wp\/v2\/posts"}],"about":[{"href":"https:\/\/sadg.fr\/index.php?rest_route=\/wp\/v2\/types\/post"}],"author":[{"embeddable":true,"href":"https:\/\/sadg.fr\/index.php?rest_route=\/wp\/v2\/users\/11"}],"replies":[{"embeddable":true,"href":"https:\/\/sadg.fr\/index.php?rest_route=%2Fwp%2Fv2%2Fcomments&post=10574"}],"version-history":[{"count":2,"href":"https:\/\/sadg.fr\/index.php?rest_route=\/wp\/v2\/posts\/10574\/revisions"}],"predecessor-version":[{"id":10579,"href":"https:\/\/sadg.fr\/index.php?rest_route=\/wp\/v2\/posts\/10574\/revisions\/10579"}],"wp:featuredmedia":[{"embeddable":true,"href":"https:\/\/sadg.fr\/index.php?rest_route=\/wp\/v2\/media\/10576"}],"wp:attachment":[{"href":"https:\/\/sadg.fr\/index.php?rest_route=%2Fwp%2Fv2%2Fmedia&parent=10574"}],"wp:term":[{"taxonomy":"category","embeddable":true,"href":"https:\/\/sadg.fr\/index.php?rest_route=%2Fwp%2Fv2%2Fcategories&post=10574"},{"taxonomy":"post_tag","embeddable":true,"href":"https:\/\/sadg.fr\/index.php?rest_route=%2Fwp%2Fv2%2Ftags&post=10574"}],"curies":[{"name":"wp","href":"https:\/\/api.w.org\/{rel}","templated":true}]}}